{"id":13557,"date":"2025-10-24T14:04:13","date_gmt":"2025-10-24T13:04:13","guid":{"rendered":"https:\/\/www.forumnautico.com\/2025\/10\/24\/die-valencia-boat-show-festigt-ihre-rolle-als-referenz-der-bootsindustrie-im-mittelmeerraum\/"},"modified":"2025-10-25T11:38:58","modified_gmt":"2025-10-25T10:38:58","slug":"die-valencia-boat-show-festigt-ihre-rolle-als-referenz-der-bootsindustrie-im-mittelmeerraum","status":"publish","type":"post","link":"https:\/\/www.forumnautico.com\/de\/2025\/10\/24\/die-valencia-boat-show-festigt-ihre-rolle-als-referenz-der-bootsindustrie-im-mittelmeerraum\/","title":{"rendered":"Die Valencia Boat Show festigt ihre Rolle als Referenz der Bootsindustrie im Mittelmeerraum"},"content":{"rendered":"<h2>Die Bootsindustrie steht im Mittelpunkt des zweiten Tages der Valencia Boat Show 2025<\/h2>\n<p>Die <strong>Valencia Boat Show<\/strong> feierte heute ihren zweiten Tag, mit der <strong>Boots- und Nautikindustrie<\/strong> als Hauptthema. Die <strong>Bootsausstellung von Valencia<\/strong>, die noch bis Sonntag im <strong>Marina Port Val\u00e8ncia<\/strong> stattfindet, hat sich als eine der f\u00fchrenden <strong>nautischen Veranstaltungen im Mittelmeerraum<\/strong> etabliert und vereint Fachleute, Unternehmen und Meeresliebhaber.<\/p>\n<h2>Gesch\u00e4ftstreffen und Fachveranstaltungen<\/h2>\n<p>Im Rahmen des Tages fand eine besondere Sitzung des <strong>Clusters der Sportindustrie der Valencianischen Gemeinschaft<\/strong> statt, mit der Teilnahme des <strong>Generaldirektors f\u00fcr Sport<\/strong>, Luis Cervera, und des <strong>Generaldirektors f\u00fcr Industrie<\/strong>, Julio Delgado. Auch bedeutende <strong>nautische Unternehmen mit Sitz in der Region Valencia<\/strong> waren vertreten.<\/p>\n<p>Das Fachprogramm umfasste einen Vortrag \u00fcber das neue Rechnungsstellungssystem <strong>Verifactu<\/strong>, das sich speziell an <strong>nautische Unternehmen<\/strong> richtet, pr\u00e4sentiert von der Software <strong>Agora Marine<\/strong>. Dar\u00fcber hinaus fand ein Treffen der <strong>Nationalen Vereinigung der Nautischen Unternehmen (ANEN)<\/strong> in Zusammenarbeit mit <strong>Marina Port Val\u00e8ncia<\/strong> sowie die <strong>Jahreskonvention der Marke Vetus<\/strong> statt.<\/p>\n<figure id=\"attachment_13546\" aria-describedby=\"caption-attachment-13546\" style=\"width: 1620px\" class=\"wp-caption alignnone\"><a href=\"https:\/\/www.forumnautico.com\/wp-content\/uploads\/2025\/10\/valencia-boat-show.jpg\"><img fetchpriority=\"high\" decoding=\"async\" class=\"size-full wp-image-13546\" src=\"https:\/\/www.forumnautico.com\/wp-content\/uploads\/2025\/10\/valencia-boat-show.jpg\" alt=\"Valencia Boat Show\" width=\"1620\" height=\"1080\" srcset=\"https:\/\/www.forumnautico.com\/wp-content\/uploads\/2025\/10\/valencia-boat-show.jpg 1620w, https:\/\/www.forumnautico.com\/wp-content\/uploads\/2025\/10\/valencia-boat-show-300x200.jpg 300w, https:\/\/www.forumnautico.com\/wp-content\/uploads\/2025\/10\/valencia-boat-show-1024x683.jpg 1024w, https:\/\/www.forumnautico.com\/wp-content\/uploads\/2025\/10\/valencia-boat-show-768x512.jpg 768w, https:\/\/www.forumnautico.com\/wp-content\/uploads\/2025\/10\/valencia-boat-show-1536x1024.jpg 1536w\" sizes=\"(max-width: 1620px) 100vw, 1620px\" \/><\/a><figcaption id=\"caption-attachment-13546\" class=\"wp-caption-text\">Valencia Boat Show<\/figcaption><\/figure>\n<h2>Die Bootsmesse von Valencia: Treffpunkt der Branche<\/h2>\n<p>Die <strong>Valencia Boat Show<\/strong> verf\u00fcgt \u00fcber einen speziellen Bereich, der der <strong>professionellen Bootsindustrie<\/strong> gewidmet ist, wo sich <strong>Hersteller, Werften, H\u00e4ndler, Techniker und Dienstleister<\/strong> treffen.<\/p>\n<p>Laut <strong>Jordi Carrasco<\/strong>, Generaldirektor von ANEN, \u201esind Bootsmessen \u2013 insbesondere die von Valencia \u2013 entscheidend, um die Branche zu vereinen und die nautische Kultur zu f\u00f6rdern. Sie schaffen R\u00e4ume f\u00fcr Austausch und Zusammenarbeit zwischen allen Akteuren des nautischen \u00d6kosystems.\u201c<\/p>\n<p><a href=\"https:\/\/www.forumnautico.com\/wp-content\/uploads\/2025\/10\/valencia-boat-show-02-1.jpg\"><img decoding=\"async\" class=\"alignnone size-full wp-image-13550\" src=\"https:\/\/www.forumnautico.com\/wp-content\/uploads\/2025\/10\/valencia-boat-show-02-1.jpg\" alt=\"\" width=\"1620\" height=\"1080\" srcset=\"https:\/\/www.forumnautico.com\/wp-content\/uploads\/2025\/10\/valencia-boat-show-02-1.jpg 1620w, https:\/\/www.forumnautico.com\/wp-content\/uploads\/2025\/10\/valencia-boat-show-02-1-300x200.jpg 300w, https:\/\/www.forumnautico.com\/wp-content\/uploads\/2025\/10\/valencia-boat-show-02-1-1024x683.jpg 1024w, https:\/\/www.forumnautico.com\/wp-content\/uploads\/2025\/10\/valencia-boat-show-02-1-768x512.jpg 768w, https:\/\/www.forumnautico.com\/wp-content\/uploads\/2025\/10\/valencia-boat-show-02-1-1536x1024.jpg 1536w\" sizes=\"(max-width: 1620px) 100vw, 1620px\" \/><\/a><\/p>\n<h2>Unternehmen betonen den Wert des Netzwerkens<\/h2>\n<p>Die <strong>Aussteller<\/strong> betonen die Bedeutung ihrer Pr\u00e4senz auf der <strong>Valencia Boat Show<\/strong>, um <strong>Gesch\u00e4ftsbeziehungen zu st\u00e4rken<\/strong>, neue Chancen zu schaffen und ihr berufliches Netzwerk auszubauen.<\/p>\n<p>\u201eDie Bootsmesse ist der ideale Moment, um den Kunden in entspannter Atmosph\u00e4re die <strong>neuesten nautischen Produkte und Innovationen<\/strong> vorzustellen\u201c, erkl\u00e4rt <strong>Nacho Braquehais<\/strong>, Vertriebsleiter von <strong>North Sails<\/strong> f\u00fcr die Region Castell\u00f3n bis Murcia.<\/p>\n<p>\u201eDie Valencia Boat Show ist der Ort, an dem man sein muss \u2013 ein j\u00e4hrlicher Treffpunkt mit Branchenkollegen und Endkunden\u201c, sagt <strong>Gustavo Benavent<\/strong>, Direktor von <strong>Valencia Mar<\/strong>.<\/p>\n<p>F\u00fcr <strong>Joaqu\u00edn Armengot<\/strong>, Direktor von <strong>Mediterranean Yacht Solutions<\/strong>, \u201ebietet die Teilnahme wertvolles <strong>Networking<\/strong> und Sichtbarkeit bei Kunden und Lieferanten.\u201c<\/p>\n<p><strong>Berto Salort<\/strong>, Gesch\u00e4ftsf\u00fchrer von <strong>Berto Talleres Navales<\/strong>, erg\u00e4nzt: \u201eDiese Tage eignen sich perfekt, um Kunden zu empfangen, Produkte zu pr\u00e4sentieren und Zeit miteinander zu verbringen.\u201c<\/p>\n<p>Schlie\u00dflich betont <strong>Juan Jos\u00e9 Merayo<\/strong>, Pr\u00e4sident von <strong>Incidence Sails Palma<\/strong>, dass \u201esolche Veranstaltungen entscheidend sind, um den direkten Kontakt mit Maklern, H\u00e4ndlern, Werften und Unternehmen, die gro\u00dfe Yachten oder Superyachten verwalten, aufrechtzuerhalten.\u201c<\/p>\n<h2>Marina Port Val\u00e8ncia, nautisches Zentrum des Mittelmeers<\/h2>\n<p>F\u00fcnf Tage lang verwandelt sich <strong>Marina Port Val\u00e8ncia<\/strong> am Fu\u00dfe des ikonischen Geb\u00e4udes <strong>Veles e Vents<\/strong> in den <strong>wichtigsten nautischen Treffpunkt des Mittelmeers<\/strong>.<\/p>\n<p>Die <strong>Valencia Boat Show<\/strong> vereint <strong>Bootsmarken<\/strong>, <strong>Motoren<\/strong>, <strong>nautisches Zubeh\u00f6r<\/strong>, <strong>Marineausr\u00fcstung und Elektronik<\/strong>, <strong>nachhaltige L\u00f6sungen<\/strong>, <strong>Segelclubs<\/strong>, <strong>Marinas<\/strong> sowie <strong>Charter- und Wassersportunternehmen<\/strong>.<\/p>\n<p>Mit jeder Ausgabe festigt die <strong>Valencia Boat Show<\/strong> ihre Position als <strong>Referenz f\u00fcr die spanische und mediterrane Bootsindustrie<\/strong> \u2013 mit einem Fokus auf <strong>Innovation, Nachhaltigkeit und Leidenschaft f\u00fcr das Meer<\/strong>.<\/p>\n<hr \/>\n<p style=\"text-align: center; margin-top: 20px;\"><strong>Sichern Sie sich Ihre Tickets f\u00fcr die Valencia Boat Show 2025<\/strong><br \/>\nVerpassen Sie nicht das wichtigste nautische Ereignis des Mittelmeers.<br \/>\n<a href=\"https:\/\/valenciaboat.com\/en\/producto\/valencia-boat-show-ticket\/\" target=\"_blank\" rel=\"noopener noreferrer\"><br \/>\nHier klicken, um Tickets zu kaufen<br \/>\n<\/a><\/p>\n","protected":false},"excerpt":{"rendered":"<p>Die Bootsindustrie steht im Mittelpunkt des zweiten Tages der Valencia Boat Show 2025 Die Valencia Boat Show feierte heute ihren zweiten Tag, mit der Boots- und Nautikindustrie als Hauptthema. Die Bootsausstellung von Valencia, die noch bis Sonntag im Marina Port Val\u00e8ncia stattfindet, hat sich als eine der f\u00fchrenden nautischen Veranstaltungen im Mittelmeerraum etabliert und vereint [&hellip;]<\/p>\n","protected":false},"author":2,"featured_media":13545,"comment_status":"open","ping_status":"open","sticky":false,"template":"","format":"standard","meta":{"_acf_changed":false,"footnotes":""},"categories":[304,303,300,299,292],"tags":[311,308],"class_list":["post-13557","post","type-post","status-publish","format-standard","has-post-thumbnail","hentry","category-barcosamotor-com","category-barcosavela-com","category-bootsmessen","category-neue-boote","category-nicht-kategorisiert","tag-bootsmessen","tag-valencia-boat-show"],"acf":{"region":["world"]},"featured_media_src_url":"https:\/\/www.forumnautico.com\/wp-content\/uploads\/2025\/10\/valencia-boat-show-03-1024x640.jpg","_links":{"self":[{"href":"https:\/\/www.forumnautico.com\/de\/wp-json\/wp\/v2\/posts\/13557","targetHints":{"allow":["GET"]}}],"collection":[{"href":"https:\/\/www.forumnautico.com\/de\/wp-json\/wp\/v2\/posts"}],"about":[{"href":"https:\/\/www.forumnautico.com\/de\/wp-json\/wp\/v2\/types\/post"}],"author":[{"embeddable":true,"href":"https:\/\/www.forumnautico.com\/de\/wp-json\/wp\/v2\/users\/2"}],"replies":[{"embeddable":true,"href":"https:\/\/www.forumnautico.com\/de\/wp-json\/wp\/v2\/comments?post=13557"}],"version-history":[{"count":2,"href":"https:\/\/www.forumnautico.com\/de\/wp-json\/wp\/v2\/posts\/13557\/revisions"}],"predecessor-version":[{"id":13564,"href":"https:\/\/www.forumnautico.com\/de\/wp-json\/wp\/v2\/posts\/13557\/revisions\/13564"}],"wp:featuredmedia":[{"embeddable":true,"href":"https:\/\/www.forumnautico.com\/de\/wp-json\/wp\/v2\/media\/13545"}],"wp:attachment":[{"href":"https:\/\/www.forumnautico.com\/de\/wp-json\/wp\/v2\/media?parent=13557"}],"wp:term":[{"taxonomy":"category","embeddable":true,"href":"https:\/\/www.forumnautico.com\/de\/wp-json\/wp\/v2\/categories?post=13557"},{"taxonomy":"post_tag","embeddable":true,"href":"https:\/\/www.forumnautico.com\/de\/wp-json\/wp\/v2\/tags?post=13557"}],"curies":[{"name":"wp","href":"https:\/\/api.w.org\/{rel}","templated":true}]}}