{"id":13442,"date":"2025-08-12T12:41:10","date_gmt":"2025-08-12T11:41:10","guid":{"rendered":"https:\/\/www.forumnautico.com\/2025\/08\/12\/collision-spectaculaire-renvoie-deux-bateaux-a-kiel-apres-le-depart-spectaculaire-de-locean-race-europe\/"},"modified":"2025-08-12T12:41:10","modified_gmt":"2025-08-12T11:41:10","slug":"collision-spectaculaire-renvoie-deux-bateaux-a-kiel-apres-le-depart-spectaculaire-de-locean-race-europe","status":"publish","type":"post","link":"https:\/\/www.forumnautico.com\/fr\/2025\/08\/12\/collision-spectaculaire-renvoie-deux-bateaux-a-kiel-apres-le-depart-spectaculaire-de-locean-race-europe\/","title":{"rendered":"Collision spectaculaire renvoie deux bateaux \u00e0 Kiel apr\u00e8s le d\u00e9part spectaculaire de l\u2019Ocean Race Europe"},"content":{"rendered":"<p><strong>Kiel, Allemagne<\/strong> \u2014 La premi\u00e8re \u00e9tape de <strong>The Ocean Race Europe 2025<\/strong> a d\u00e9but\u00e9 par un incident aussi inattendu que dramatique : une collision \u00e0 grande vitesse entre <strong>Team Holcim PRB<\/strong> et <strong>Allagrande MAPEI<\/strong> Racing, quelques minutes seulement apr\u00e8s le d\u00e9part.<\/p>\n<p><iframe title=\"YouTube video player\" src=\"https:\/\/www.youtube.com\/embed\/1oRV4M_05-Q?si=paiD9ETRlmWLXe0K\" width=\"900\" height=\"500\" frameborder=\"0\" allowfullscreen=\"allowfullscreen\"><\/iframe><\/p>\n<p>Les deux IMOCA ont d\u00fb regagner imm\u00e9diatement le port de Kiel, o\u00f9 leurs \u00e9quipes \u00e0 terre travaillent contre la montre pour \u00e9valuer les dommages et planifier les r\u00e9parations. Heureusement, tout l\u2019\u00e9quipage est sain et sauf.<\/p>\n<blockquote><p>\u00ab C\u2019est tr\u00e8s triste, surtout apr\u00e8s tout l\u2019effort de l\u2019\u00e9quipe pour \u00eatre ici\u2026 Nous n\u2019avons parcouru qu\u2019un mille de la r\u00e9gate \u00bb \u2014 a comment\u00e9 Ambrogio Beccaria, skipper d\u2019Allagrande MAPEI Racing.<\/p><\/blockquote>\n<p> Du c\u00f4t\u00e9 de Team Holcim PRB, la skippeuse Rosalin Kuiper a confirm\u00e9 qu\u2019ils avaient \u00e9t\u00e9 contraints de suspendre l\u2019\u00e9tape en raison de dommages \u00e0 la coque : <\/p>\n<blockquote><p>\u00ab C\u2019est tr\u00e8s d\u00e9cevant pour toute l\u2019\u00e9quipe et pour nos concurrents. Nous allons r\u00e9parer au plus vite et esp\u00e9rons \u00eatre sur la ligne de d\u00e9part \u00e0 Portsmouth. \u00bb<\/p><\/blockquote>\n<h2>Protestation officielle et possible retour<\/h2>\n<p> Le directeur de course, Phil Lawrence, a indiqu\u00e9 que Holcim PRB avait d\u00e9pos\u00e9 une protestation officielle contre Allagrande MAPEI Racing. Le cas sera examin\u00e9 par le Jury International \u00e0 une date encore \u00e0 d\u00e9terminer. Les deux \u00e9quipes esp\u00e8rent pouvoir r\u00e9int\u00e9grer la comp\u00e9tition, bien que la d\u00e9cision d\u00e9pende de l\u2019ampleur des r\u00e9parations.<\/p>\n<p><a href=\"https:\/\/www.forumnautico.com\/wp-content\/uploads\/2025\/08\/ocean-race-europe-2025_01.jpg\"><img fetchpriority=\"high\" decoding=\"async\" class=\"alignnone size-full wp-image-13293\" src=\"https:\/\/www.forumnautico.com\/wp-content\/uploads\/2025\/08\/ocean-race-europe-2025_01.jpg\" alt=\"\" width=\"1620\" height=\"1080\" srcset=\"https:\/\/www.forumnautico.com\/wp-content\/uploads\/2025\/08\/ocean-race-europe-2025_01.jpg 1620w, https:\/\/www.forumnautico.com\/wp-content\/uploads\/2025\/08\/ocean-race-europe-2025_01-300x200.jpg 300w, https:\/\/www.forumnautico.com\/wp-content\/uploads\/2025\/08\/ocean-race-europe-2025_01-1024x683.jpg 1024w, https:\/\/www.forumnautico.com\/wp-content\/uploads\/2025\/08\/ocean-race-europe-2025_01-768x512.jpg 768w, https:\/\/www.forumnautico.com\/wp-content\/uploads\/2025\/08\/ocean-race-europe-2025_01-1536x1024.jpg 1536w\" sizes=\"(max-width: 1620px) 100vw, 1620px\" \/><\/a><\/p>\n<h2>Bataille en t\u00eate<\/h2>\n<p> Pendant ce temps, l\u2019action sur l\u2019eau ne s\u2019est pas arr\u00eat\u00e9e. Biotherm a \u00e9t\u00e9 le premier \u00e0 franchir le scoring gate du phare de Kiel, d\u00e9crochant deux points, suivi de Paprec Ark\u00e9a (1 point). L\u2019\u00e9quipe canadienne Canada Ocean Racing \u2013 Be Water Positive a cr\u00e9\u00e9 la surprise en se pla\u00e7ant troisi\u00e8me, devant Team Malizia et Team Amaala. <\/p>\n<h2>Prochains d\u00e9fis<\/h2>\n<p> La flotte met d\u00e9sormais le cap vers le nord, affrontant vents forts, courants complexes et le passage sous l\u2019embl\u00e9matique pont du Grand Belt, au Danemark. Tout indique que cette premi\u00e8re \u00e9tape continuera d\u2019offrir des images spectaculaires et de fortes \u00e9motions. <a href=\"https:\/\/www.forumnautico.com\/wp-content\/uploads\/2025\/08\/Ocean-race-Europe-2025_TORE_MAP_TORE_2025_V21_SCORING-GATES.png\"><img decoding=\"async\" class=\"alignnone size-full wp-image-13296\" src=\"https:\/\/www.forumnautico.com\/wp-content\/uploads\/2025\/08\/Ocean-race-Europe-2025_TORE_MAP_TORE_2025_V21_SCORING-GATES.png\" alt=\"\" width=\"1695\" height=\"1033\" srcset=\"https:\/\/www.forumnautico.com\/wp-content\/uploads\/2025\/08\/Ocean-race-Europe-2025_TORE_MAP_TORE_2025_V21_SCORING-GATES.png 1695w, https:\/\/www.forumnautico.com\/wp-content\/uploads\/2025\/08\/Ocean-race-Europe-2025_TORE_MAP_TORE_2025_V21_SCORING-GATES-300x183.png 300w, https:\/\/www.forumnautico.com\/wp-content\/uploads\/2025\/08\/Ocean-race-Europe-2025_TORE_MAP_TORE_2025_V21_SCORING-GATES-1024x624.png 1024w, https:\/\/www.forumnautico.com\/wp-content\/uploads\/2025\/08\/Ocean-race-Europe-2025_TORE_MAP_TORE_2025_V21_SCORING-GATES-768x468.png 768w, https:\/\/www.forumnautico.com\/wp-content\/uploads\/2025\/08\/Ocean-race-Europe-2025_TORE_MAP_TORE_2025_V21_SCORING-GATES-1536x936.png 1536w\" sizes=\"(max-width: 1695px) 100vw, 1695px\" \/><\/a><\/p>\n<p>Photos : \u00a9 Vincent Curutchet \/ The Ocean Race Europe 2025<\/p>\n<p>Plus d\u2019informations :<\/p>\n<p><a href=\"https:\/\/www.theoceanrace.com\/en\/europe\/2025\" target=\"_blank\" rel=\"noopener\">https:\/\/www.theoceanrace.com\/en\/europe\/2025<br \/>\n<\/a><\/p>\n","protected":false},"excerpt":{"rendered":"<p>Kiel, Allemagne \u2014 La premi\u00e8re \u00e9tape de The Ocean Race Europe 2025 a d\u00e9but\u00e9 par un incident aussi inattendu que dramatique : une collision \u00e0 grande vitesse entre Team Holcim PRB et Allagrande MAPEI Racing, quelques minutes seulement apr\u00e8s le d\u00e9part. Les deux IMOCA ont d\u00fb regagner imm\u00e9diatement le port de Kiel, o\u00f9 leurs \u00e9quipes [&hellip;]<\/p>\n","protected":false},"author":2,"featured_media":13443,"comment_status":"open","ping_status":"open","sticky":false,"template":"","format":"standard","meta":{"_acf_changed":false,"footnotes":""},"categories":[272,261,252,271],"tags":[278,275,273,276,277,274],"class_list":["post-13442","post","type-post","status-publish","format-standard","has-post-thumbnail","hentry","category-accueil","category-barcosavela-com","category-non-categorise","category-regates","tag-allagrande-mapei","tag-imoca","tag-regates","tag-team-holcim-prb","tag-the-ocean-race-europe-2025","tag-voile-de-competition"],"acf":{"region":["world"]},"featured_media_src_url":"https:\/\/www.forumnautico.com\/wp-content\/uploads\/2025\/08\/ocean-race-europe-2025_02-1024x683.jpg","_links":{"self":[{"href":"https:\/\/www.forumnautico.com\/fr\/wp-json\/wp\/v2\/posts\/13442","targetHints":{"allow":["GET"]}}],"collection":[{"href":"https:\/\/www.forumnautico.com\/fr\/wp-json\/wp\/v2\/posts"}],"about":[{"href":"https:\/\/www.forumnautico.com\/fr\/wp-json\/wp\/v2\/types\/post"}],"author":[{"embeddable":true,"href":"https:\/\/www.forumnautico.com\/fr\/wp-json\/wp\/v2\/users\/2"}],"replies":[{"embeddable":true,"href":"https:\/\/www.forumnautico.com\/fr\/wp-json\/wp\/v2\/comments?post=13442"}],"version-history":[{"count":0,"href":"https:\/\/www.forumnautico.com\/fr\/wp-json\/wp\/v2\/posts\/13442\/revisions"}],"wp:featuredmedia":[{"embeddable":true,"href":"https:\/\/www.forumnautico.com\/fr\/wp-json\/wp\/v2\/media\/13443"}],"wp:attachment":[{"href":"https:\/\/www.forumnautico.com\/fr\/wp-json\/wp\/v2\/media?parent=13442"}],"wp:term":[{"taxonomy":"category","embeddable":true,"href":"https:\/\/www.forumnautico.com\/fr\/wp-json\/wp\/v2\/categories?post=13442"},{"taxonomy":"post_tag","embeddable":true,"href":"https:\/\/www.forumnautico.com\/fr\/wp-json\/wp\/v2\/tags?post=13442"}],"curies":[{"name":"wp","href":"https:\/\/api.w.org\/{rel}","templated":true}]}}