{"id":13446,"date":"2025-06-29T15:38:50","date_gmt":"2025-06-29T14:38:50","guid":{"rendered":"https:\/\/www.forumnautico.com\/2025\/06\/29\/rose-entre-dans-lhistoire-et-remporte-la-superyacht-cup-palma-pour-la-troisieme-annee-consecutive\/"},"modified":"2025-06-29T15:38:50","modified_gmt":"2025-06-29T14:38:50","slug":"rose-entre-dans-lhistoire-et-remporte-la-superyacht-cup-palma-pour-la-troisieme-annee-consecutive","status":"publish","type":"post","link":"https:\/\/www.forumnautico.com\/fr\/2025\/06\/29\/rose-entre-dans-lhistoire-et-remporte-la-superyacht-cup-palma-pour-la-troisieme-annee-consecutive\/","title":{"rendered":"Rose entre dans l\u2019histoire et remporte la Superyacht Cup Palma pour la troisi\u00e8me ann\u00e9e cons\u00e9cutive"},"content":{"rendered":"<p><strong>Palma de Majorque, 28 juin 2025<\/strong> \u2013 La Superyacht Cup Palma 2025 a cl\u00f4tur\u00e9 sa 29e \u00e9dition par une journ\u00e9e m\u00e9morable au cours de laquelle le yacht <strong>Rose<\/strong>, un Wally de 24 m\u00e8tres, est entr\u00e9 dans l\u2019histoire en devenant le premier bateau \u00e0 d\u00e9crocher la victoire g\u00e9n\u00e9rale de l\u2019\u00e9v\u00e9nement trois ann\u00e9es de suite dans la baie de Palma.<\/p>\n<figure id=\"attachment_13282\" aria-describedby=\"caption-attachment-13282\" style=\"width: 864px\" class=\"wp-caption alignnone\"><a href=\"https:\/\/www.forumnautico.com\/wp-content\/uploads\/2025\/06\/m9789_crop169014_1024x576_proportional_17510324208382.jpg\"><img fetchpriority=\"high\" decoding=\"async\" class=\"size-full wp-image-13282\" src=\"https:\/\/www.forumnautico.com\/wp-content\/uploads\/2025\/06\/m9789_crop169014_1024x576_proportional_17510324208382.jpg\" alt=\"\" width=\"864\" height=\"576\" srcset=\"https:\/\/www.forumnautico.com\/wp-content\/uploads\/2025\/06\/m9789_crop169014_1024x576_proportional_17510324208382.jpg 864w, https:\/\/www.forumnautico.com\/wp-content\/uploads\/2025\/06\/m9789_crop169014_1024x576_proportional_17510324208382-300x200.jpg 300w, https:\/\/www.forumnautico.com\/wp-content\/uploads\/2025\/06\/m9789_crop169014_1024x576_proportional_17510324208382-768x512.jpg 768w\" sizes=\"(max-width: 864px) 100vw, 864px\" \/><\/a><figcaption id=\"caption-attachment-13282\" class=\"wp-caption-text\">The Superyacht Cup Palma 2025<br \/>27 juin 2025<br \/>\u00a9 Sailing Energy \/ The Superyacht Cup<\/figcaption><\/figure>\n<h3>Une finale haletante \u00e0 la Superyacht Cup Palma<\/h3>\n<p> La derni\u00e8re journ\u00e9e, disput\u00e9e sous le nom de <strong>St. Regis Race Day<\/strong>, a d\u00e9but\u00e9 avec une \u00e9galit\u00e9 parfaite au classement g\u00e9n\u00e9ral : <strong>Cervo<\/strong>, <strong>Gelliceaux<\/strong> et <strong>Rose<\/strong> arrivaient \u00e0 quatre points, promettant une r\u00e9gate finale pleine d\u2019\u00e9motion et de spectacle dans les eaux de Majorque.<\/p>\n<p>Dans la <strong>Classe A<\/strong>, le duel a oppos\u00e9 Cervo, un Tripp de 39 m\u00e8tres, \u00e0 Gelliceaux, un Southern Wind de 35 m\u00e8tres dessin\u00e9 par Farr. Finalement, <strong>Gelliceaux<\/strong> s\u2019est impos\u00e9 avec un peu plus d\u2019une minute en temps compens\u00e9, d\u00e9crochant la victoire dans sa classe.<\/p>\n<figure id=\"attachment_13283\" aria-describedby=\"caption-attachment-13283\" style=\"width: 864px\" class=\"wp-caption alignnone\"><a href=\"https:\/\/www.forumnautico.com\/wp-content\/uploads\/2025\/06\/m9436_crop169014_1024x576_proportional_17509400691088.jpg\"><img decoding=\"async\" class=\"size-full wp-image-13283\" src=\"https:\/\/www.forumnautico.com\/wp-content\/uploads\/2025\/06\/m9436_crop169014_1024x576_proportional_17509400691088.jpg\" alt=\"\" width=\"864\" height=\"576\" srcset=\"https:\/\/www.forumnautico.com\/wp-content\/uploads\/2025\/06\/m9436_crop169014_1024x576_proportional_17509400691088.jpg 864w, https:\/\/www.forumnautico.com\/wp-content\/uploads\/2025\/06\/m9436_crop169014_1024x576_proportional_17509400691088-300x200.jpg 300w, https:\/\/www.forumnautico.com\/wp-content\/uploads\/2025\/06\/m9436_crop169014_1024x576_proportional_17509400691088-768x512.jpg 768w\" sizes=\"(max-width: 864px) 100vw, 864px\" \/><\/a><figcaption id=\"caption-attachment-13283\" class=\"wp-caption-text\">The Superyacht Cup Palma 2025<br \/>26 juin 2025<br \/>\u00a9 Sailing Energy \/ The Superyacht Cup<\/figcaption><\/figure>\n<h3>Rose : triple couronne en Classe B<\/h3>\n<p> Tous les regards se sont ensuite tourn\u00e9s vers la <strong>Classe B<\/strong>, o\u00f9 Rose, tenante du titre, affrontait le Y Yacht Sveam ainsi qu\u2019une puissante flotte de Baltic 68 Caf\u00e9 Racers : <strong>Ganesha<\/strong>, <strong>Open Season<\/strong>, <strong>Pink Gin Verde<\/strong> et <strong>Scorpione Hormar<\/strong>. Bien qu\u2019<strong>Open Season<\/strong> ait remport\u00e9 trois manches et d\u00e9croch\u00e9 la victoire de classe, ni elle ni les autres Caf\u00e9 Racers ne pouvaient pr\u00e9tendre au titre absolu, n\u2019\u00e9tant pas class\u00e9s comme superyachts.<\/p>\n<p>Apr\u00e8s une journ\u00e9e riche en \u00e9motions, Gelliceaux et Rose ont termin\u00e9 avec six points et trois deuxi\u00e8mes places chacun, mais <strong>Rose a d\u00e9croch\u00e9 le titre pour la troisi\u00e8me fois cons\u00e9cutive<\/strong>, en concourant dans une classe au nombre de bateaux plus \u00e9lev\u00e9, entrant ainsi dans l\u2019histoire de la Superyacht Cup Palma.<\/p>\n<blockquote><p>\u00ab Ce fut un \u00e9v\u00e9nement ph\u00e9nom\u00e9nal et une superbe journ\u00e9e de r\u00e9gate. Toute l\u2019\u00e9quipe est vraiment ravie de ce troisi\u00e8me titre cons\u00e9cutif. L\u2019organisation a \u00e9t\u00e9 excellente et nous avons profit\u00e9 de conditions de navigation parfaites toute la semaine \u00bb, a comment\u00e9 Ben Potter, capitaine de Rose.<\/p><\/blockquote>\n<figure id=\"attachment_13284\" aria-describedby=\"caption-attachment-13284\" style=\"width: 864px\" class=\"wp-caption alignnone\"><a href=\"https:\/\/www.forumnautico.com\/wp-content\/uploads\/2025\/06\/m9737_crop169014_1024x576_proportional_175103242129C0.jpg\"><img decoding=\"async\" class=\"size-full wp-image-13284\" src=\"https:\/\/www.forumnautico.com\/wp-content\/uploads\/2025\/06\/m9737_crop169014_1024x576_proportional_175103242129C0.jpg\" alt=\"\" width=\"864\" height=\"576\" srcset=\"https:\/\/www.forumnautico.com\/wp-content\/uploads\/2025\/06\/m9737_crop169014_1024x576_proportional_175103242129C0.jpg 864w, https:\/\/www.forumnautico.com\/wp-content\/uploads\/2025\/06\/m9737_crop169014_1024x576_proportional_175103242129C0-300x200.jpg 300w, https:\/\/www.forumnautico.com\/wp-content\/uploads\/2025\/06\/m9737_crop169014_1024x576_proportional_175103242129C0-768x512.jpg 768w\" sizes=\"(max-width: 864px) 100vw, 864px\" \/><\/a><figcaption id=\"caption-attachment-13284\" class=\"wp-caption-text\">The Superyacht Cup Palma 2025<br \/>27 juin 2025<br \/>\u00a9 Sailing Energy \/ The Superyacht Cup<\/figcaption><\/figure>\n<h3>Un spectacle et une comp\u00e9tition au plus haut niveau<\/h3>\n<p> La journ\u00e9e s\u2019est d\u00e9roul\u00e9e dans des conditions id\u00e9ales, avec un vent de 10 \u00e0 16 n\u0153uds et un d\u00e9part sous spi pour compl\u00e9ter un parcours de 23 milles nautiques dans la baie de Palma. En Classe A, le <strong>Linnea Aurora<\/strong> s\u2019est de nouveau illustr\u00e9 en remportant sa deuxi\u00e8me manche, bien qu\u2019il soit hors course pour le titre en raison de probl\u00e8mes techniques survenus au d\u00e9but de l\u2019\u00e9v\u00e9nement.<\/p>\n<p>L\u2019\u00e9v\u00e9nement s\u2019est conclu par la remise des prix au SYC Regatta Village, sponsoris\u00e9e par RSB Rigging Solutions, qui f\u00eatait son 20e anniversaire en tant que partenaire historique de la r\u00e9gate.<\/p>\n<figure id=\"attachment_13285\" aria-describedby=\"caption-attachment-13285\" style=\"width: 864px\" class=\"wp-caption alignnone\"><a href=\"https:\/\/www.forumnautico.com\/wp-content\/uploads\/2025\/06\/m10038_crop169014_1024x576_proportional_17511298927F39.jpg\"><img loading=\"lazy\" decoding=\"async\" class=\"size-full wp-image-13285\" src=\"https:\/\/www.forumnautico.com\/wp-content\/uploads\/2025\/06\/m10038_crop169014_1024x576_proportional_17511298927F39.jpg\" alt=\"\" width=\"864\" height=\"576\" srcset=\"https:\/\/www.forumnautico.com\/wp-content\/uploads\/2025\/06\/m10038_crop169014_1024x576_proportional_17511298927F39.jpg 864w, https:\/\/www.forumnautico.com\/wp-content\/uploads\/2025\/06\/m10038_crop169014_1024x576_proportional_17511298927F39-300x200.jpg 300w, https:\/\/www.forumnautico.com\/wp-content\/uploads\/2025\/06\/m10038_crop169014_1024x576_proportional_17511298927F39-768x512.jpg 768w\" sizes=\"(max-width: 864px) 100vw, 864px\" \/><\/a><figcaption id=\"caption-attachment-13285\" class=\"wp-caption-text\">The Superyacht Cup Palma 2025<br \/>28 juin 2025<br \/>\u00a9 Sailing Energy \/ The Superyacht Cup<\/figcaption><\/figure>\n<h3>Prochain rendez-vous : Superyacht Cup Palma 2026<\/h3>\n<p> La <strong>Superyacht Cup Palma<\/strong> reviendra l\u2019ann\u00e9e prochaine avec une \u00e9dition tr\u00e8s sp\u00e9ciale : son 30e anniversaire, qui se tiendra du 24 au 27 juin 2026. <\/p>\n<h4>Consultez les r\u00e9sultats officiels<\/h4>\n<ul>\n<li><a href=\"https:\/\/www.thesuperyachtcup.com\/en\/results\/overall\" target=\"_new\" rel=\"noopener\">R\u00e9sultats complets de la Superyacht Cup Palma 2025<\/a><\/li>\n<\/ul>\n","protected":false},"excerpt":{"rendered":"<p>Palma de Majorque, 28 juin 2025 \u2013 La Superyacht Cup Palma 2025 a cl\u00f4tur\u00e9 sa 29e \u00e9dition par une journ\u00e9e m\u00e9morable au cours de laquelle le yacht Rose, un Wally de 24 m\u00e8tres, est entr\u00e9 dans l\u2019histoire en devenant le premier bateau \u00e0 d\u00e9crocher la victoire g\u00e9n\u00e9rale de l\u2019\u00e9v\u00e9nement trois ann\u00e9es de suite dans la [&hellip;]<\/p>\n","protected":false},"author":2,"featured_media":13447,"comment_status":"open","ping_status":"open","sticky":false,"template":"","format":"standard","meta":{"_acf_changed":false,"footnotes":""},"categories":[261,252,271],"tags":[270,269,273,279,274,268],"class_list":["post-13446","post","type-post","status-publish","format-standard","has-post-thumbnail","hentry","category-barcosavela-com","category-non-categorise","category-regates","tag-barcosavela-com","tag-evenements-nautiques","tag-regates","tag-superyacht-cup-palma-2025","tag-voile-de-competition","tag-yachts-de-luxe"],"acf":{"region":["world"]},"featured_media_src_url":"https:\/\/www.forumnautico.com\/wp-content\/uploads\/2025\/06\/m9868_250627_SailingEnergy_SYC_D0097_IMG-1.jpg","_links":{"self":[{"href":"https:\/\/www.forumnautico.com\/fr\/wp-json\/wp\/v2\/posts\/13446","targetHints":{"allow":["GET"]}}],"collection":[{"href":"https:\/\/www.forumnautico.com\/fr\/wp-json\/wp\/v2\/posts"}],"about":[{"href":"https:\/\/www.forumnautico.com\/fr\/wp-json\/wp\/v2\/types\/post"}],"author":[{"embeddable":true,"href":"https:\/\/www.forumnautico.com\/fr\/wp-json\/wp\/v2\/users\/2"}],"replies":[{"embeddable":true,"href":"https:\/\/www.forumnautico.com\/fr\/wp-json\/wp\/v2\/comments?post=13446"}],"version-history":[{"count":0,"href":"https:\/\/www.forumnautico.com\/fr\/wp-json\/wp\/v2\/posts\/13446\/revisions"}],"wp:featuredmedia":[{"embeddable":true,"href":"https:\/\/www.forumnautico.com\/fr\/wp-json\/wp\/v2\/media\/13447"}],"wp:attachment":[{"href":"https:\/\/www.forumnautico.com\/fr\/wp-json\/wp\/v2\/media?parent=13446"}],"wp:term":[{"taxonomy":"category","embeddable":true,"href":"https:\/\/www.forumnautico.com\/fr\/wp-json\/wp\/v2\/categories?post=13446"},{"taxonomy":"post_tag","embeddable":true,"href":"https:\/\/www.forumnautico.com\/fr\/wp-json\/wp\/v2\/tags?post=13446"}],"curies":[{"name":"wp","href":"https:\/\/api.w.org\/{rel}","templated":true}]}}