{"id":13556,"date":"2025-10-24T14:04:13","date_gmt":"2025-10-24T13:04:13","guid":{"rendered":"https:\/\/www.forumnautico.com\/2025\/10\/24\/le-valencia-boat-show-consolide-son-role-de-reference-pour-lindustrie-nautique-en-mediterranee\/"},"modified":"2025-10-25T11:38:37","modified_gmt":"2025-10-25T10:38:37","slug":"le-valencia-boat-show-consolide-son-role-de-reference-pour-lindustrie-nautique-en-mediterranee","status":"publish","type":"post","link":"https:\/\/www.forumnautico.com\/fr\/2025\/10\/24\/le-valencia-boat-show-consolide-son-role-de-reference-pour-lindustrie-nautique-en-mediterranee\/","title":{"rendered":"Le Valencia Boat Show consolide son r\u00f4le de r\u00e9f\u00e9rence pour l\u2019industrie nautique en M\u00e9diterran\u00e9e"},"content":{"rendered":"<h2>L\u2019industrie nautique au c\u0153ur de la deuxi\u00e8me journ\u00e9e du Valencia Boat Show 2025<\/h2>\n<p>Le <strong>Valencia Boat Show<\/strong> a c\u00e9l\u00e9br\u00e9 aujourd\u2019hui sa deuxi\u00e8me journ\u00e9e, plac\u00e9e sous le signe de <strong>l\u2019industrie nautique<\/strong>. Le <strong>salon nautique de Valence<\/strong>, qui se tient jusqu\u2019\u00e0 dimanche prochain \u00e0 <strong>Marina Port Val\u00e8ncia<\/strong>, s\u2019impose comme l\u2019un des principaux <strong>\u00e9v\u00e9nements nautiques de la M\u00e9diterran\u00e9e<\/strong>, r\u00e9unissant professionnels, entreprises et passionn\u00e9s de mer.<\/p>\n<h2>Rencontres professionnelles et sessions d\u2019affaires<\/h2>\n<p>La journ\u00e9e a accueilli une session sp\u00e9ciale du <strong>Cluster de l\u2019industrie du sport de la Communaut\u00e9 valencienne<\/strong>, en pr\u00e9sence du <strong>directeur g\u00e9n\u00e9ral du Sport de la Generalitat<\/strong>, Luis Cervera, et du <strong>directeur g\u00e9n\u00e9ral de l\u2019Industrie<\/strong>, Julio Delgado. D\u2019importantes <strong>entreprises nautiques bas\u00e9es dans la r\u00e9gion valencienne<\/strong> ont \u00e9galement particip\u00e9.<\/p>\n<p>Le programme professionnel a inclus une conf\u00e9rence sur le nouveau syst\u00e8me de facturation <strong>Verifactu<\/strong>, destin\u00e9 aux <strong>entreprises nautiques<\/strong>, pr\u00e9sent\u00e9e par le logiciel <strong>Agora Marine<\/strong>. Une rencontre a \u00e9galement \u00e9t\u00e9 organis\u00e9e par <strong>l\u2019Association Nationale des Entreprises Nautiques (ANEN)<\/strong> en collaboration avec <strong>Marina Port Val\u00e8ncia<\/strong>, ainsi que la <strong>convention annuelle de la marque Vetus<\/strong>, entre autres activit\u00e9s.<\/p>\n<figure id=\"attachment_13546\" aria-describedby=\"caption-attachment-13546\" style=\"width: 1620px\" class=\"wp-caption alignnone\"><a href=\"https:\/\/www.forumnautico.com\/wp-content\/uploads\/2025\/10\/valencia-boat-show.jpg\"><img fetchpriority=\"high\" decoding=\"async\" class=\"size-full wp-image-13546\" src=\"https:\/\/www.forumnautico.com\/wp-content\/uploads\/2025\/10\/valencia-boat-show.jpg\" alt=\"Valencia Boat Show\" width=\"1620\" height=\"1080\" srcset=\"https:\/\/www.forumnautico.com\/wp-content\/uploads\/2025\/10\/valencia-boat-show.jpg 1620w, https:\/\/www.forumnautico.com\/wp-content\/uploads\/2025\/10\/valencia-boat-show-300x200.jpg 300w, https:\/\/www.forumnautico.com\/wp-content\/uploads\/2025\/10\/valencia-boat-show-1024x683.jpg 1024w, https:\/\/www.forumnautico.com\/wp-content\/uploads\/2025\/10\/valencia-boat-show-768x512.jpg 768w, https:\/\/www.forumnautico.com\/wp-content\/uploads\/2025\/10\/valencia-boat-show-1536x1024.jpg 1536w\" sizes=\"(max-width: 1620px) 100vw, 1620px\" \/><\/a><figcaption id=\"caption-attachment-13546\" class=\"wp-caption-text\">Valencia Boat Show<\/figcaption><\/figure>\n<h2>Le salon nautique de Valence : un lieu de rencontre pour le secteur<\/h2>\n<p>Le <strong>Valencia Boat Show<\/strong> dispose d\u2019un espace d\u00e9di\u00e9 \u00e0 <strong>l\u2019industrie nautique professionnelle<\/strong>, o\u00f9 se retrouvent <strong>constructeurs, chantiers navals, distributeurs, techniciens et prestataires de services<\/strong>.<\/p>\n<p>Selon <strong>Jordi Carrasco<\/strong>, directeur g\u00e9n\u00e9ral de l\u2019ANEN, \u00ab Les salons nautiques, et particuli\u00e8rement celui de Valence, sont essentiels pour unir le secteur et promouvoir la culture maritime. Ils cr\u00e9ent un espace de connexion et de collaboration entre tous les acteurs de l\u2019\u00e9cosyst\u00e8me nautique. \u00bb<\/p>\n<p><a href=\"https:\/\/www.forumnautico.com\/wp-content\/uploads\/2025\/10\/valencia-boat-show-02-1.jpg\"><img decoding=\"async\" class=\"alignnone size-full wp-image-13550\" src=\"https:\/\/www.forumnautico.com\/wp-content\/uploads\/2025\/10\/valencia-boat-show-02-1.jpg\" alt=\"\" width=\"1620\" height=\"1080\" srcset=\"https:\/\/www.forumnautico.com\/wp-content\/uploads\/2025\/10\/valencia-boat-show-02-1.jpg 1620w, https:\/\/www.forumnautico.com\/wp-content\/uploads\/2025\/10\/valencia-boat-show-02-1-300x200.jpg 300w, https:\/\/www.forumnautico.com\/wp-content\/uploads\/2025\/10\/valencia-boat-show-02-1-1024x683.jpg 1024w, https:\/\/www.forumnautico.com\/wp-content\/uploads\/2025\/10\/valencia-boat-show-02-1-768x512.jpg 768w, https:\/\/www.forumnautico.com\/wp-content\/uploads\/2025\/10\/valencia-boat-show-02-1-1536x1024.jpg 1536w\" sizes=\"(max-width: 1620px) 100vw, 1620px\" \/><\/a><\/p>\n<h2>Les entreprises soulignent la valeur du networking<\/h2>\n<p>Les <strong>exposants<\/strong> s\u2019accordent sur l\u2019importance d\u2019\u00eatre pr\u00e9sents au <strong>Valencia Boat Show<\/strong> pour <strong>renforcer les relations commerciales<\/strong>, cr\u00e9er de nouvelles opportunit\u00e9s et \u00e9largir leur r\u00e9seau professionnel.<\/p>\n<p>\u00ab Le salon nautique est le moment id\u00e9al pour pr\u00e9senter aux clients, dans une atmosph\u00e8re d\u00e9tendue, les <strong>nouveaut\u00e9s et produits nautiques<\/strong> \u00bb, explique <strong>Nacho Braquehais<\/strong>, responsable des ventes de <strong>North Sails<\/strong> pour la r\u00e9gion de Castell\u00f3n \u00e0 Murcie.<\/p>\n<p>\u00ab Le Valencia Boat Show est le lieu incontournable, un rendez-vous annuel avec les coll\u00e8gues du secteur et les clients finaux \u00bb, souligne <strong>Gustavo Benavent<\/strong>, directeur de <strong>Valencia Mar<\/strong>.<\/p>\n<p>Pour <strong>Joaqu\u00edn Armengot<\/strong>, directeur de <strong>Mediterranean Yacht Solutions<\/strong>, \u00ab participer au salon apporte du <strong>networking<\/strong> et de la visibilit\u00e9 aupr\u00e8s des clients et des fournisseurs. \u00bb<\/p>\n<p><strong>Berto Salort<\/strong>, g\u00e9rant de <strong>Berto Talleres Navales<\/strong>, ajoute : \u00ab Ces jours sont parfaits pour accueillir les clients, pr\u00e9senter les produits et partager un moment agr\u00e9able. \u00bb<\/p>\n<p>Enfin, <strong>Juan Jos\u00e9 Merayo<\/strong>, pr\u00e9sident de <strong>Incidence Sails Palma<\/strong>, affirme que \u00ab ces \u00e9v\u00e9nements sont essentiels pour maintenir un contact direct avec les brokers, distributeurs, chantiers navals et soci\u00e9t\u00e9s g\u00e9rant des grands yachts ou superyachts. \u00bb<\/p>\n<h2>Marina Port Val\u00e8ncia, l\u2019\u00e9picentre nautique de la M\u00e9diterran\u00e9e<\/h2>\n<p>Pendant cinq jours, <strong>Marina Port Val\u00e8ncia<\/strong>, au pied du b\u00e2timent embl\u00e9matique <strong>Veles e Vents<\/strong>, devient le <strong>grand point de rencontre nautique de la M\u00e9diterran\u00e9e<\/strong>.<\/p>\n<p>Le <strong>Valencia Boat Show<\/strong> r\u00e9unit des <strong>marques de bateaux<\/strong>, <strong>moteurs<\/strong>, <strong>accessoires nautiques<\/strong>, <strong>\u00e9quipements et \u00e9lectroniques marines<\/strong>, <strong>solutions durables<\/strong>, <strong>clubs nautiques<\/strong>, <strong>marinas<\/strong> et <strong>entreprises de charter et d\u2019activit\u00e9s maritimes<\/strong>.<\/p>\n<p>\u00c0 chaque \u00e9dition, le <strong>salon nautique de Valence<\/strong> confirme sa position de <strong>r\u00e9f\u00e9rence pour l\u2019industrie nautique espagnole et m\u00e9diterran\u00e9enne<\/strong>, alliant <strong>innovation, durabilit\u00e9 et passion pour la mer<\/strong>.<\/p>\n<hr \/>\n<p style=\"text-align: center; margin-top: 20px;\"><strong>Obtenez vos billets pour le Valencia Boat Show 2025<\/strong><br \/>\nNe manquez pas l\u2019\u00e9v\u00e9nement nautique le plus important de la M\u00e9diterran\u00e9e.<br \/>\n<a href=\"https:\/\/valenciaboat.com\/en\/producto\/valencia-boat-show-ticket\/\" target=\"_blank\" rel=\"noopener noreferrer\"><br \/>\nCliquez ici pour acheter vos billets<br \/>\n<\/a><\/p>\n","protected":false},"excerpt":{"rendered":"<p>L\u2019industrie nautique au c\u0153ur de la deuxi\u00e8me journ\u00e9e du Valencia Boat Show 2025 Le Valencia Boat Show a c\u00e9l\u00e9br\u00e9 aujourd\u2019hui sa deuxi\u00e8me journ\u00e9e, plac\u00e9e sous le signe de l\u2019industrie nautique. Le salon nautique de Valence, qui se tient jusqu\u2019\u00e0 dimanche prochain \u00e0 Marina Port Val\u00e8ncia, s\u2019impose comme l\u2019un des principaux \u00e9v\u00e9nements nautiques de la M\u00e9diterran\u00e9e, [&hellip;]<\/p>\n","protected":false},"author":2,"featured_media":13544,"comment_status":"open","ping_status":"open","sticky":false,"template":"","format":"standard","meta":{"_acf_changed":false,"footnotes":""},"categories":[262,261,280,252,259],"tags":[286,290],"class_list":["post-13556","post","type-post","status-publish","format-standard","has-post-thumbnail","hentry","category-barcosamotor-com","category-barcosavela-com","category-bateaux-neufs","category-non-categorise","category-salons-nautiques","tag-boat-shows","tag-valencia-boat-show"],"acf":{"region":["world"]},"featured_media_src_url":"https:\/\/www.forumnautico.com\/wp-content\/uploads\/2025\/10\/valencia-boat-show-03-1024x640.jpg","_links":{"self":[{"href":"https:\/\/www.forumnautico.com\/fr\/wp-json\/wp\/v2\/posts\/13556","targetHints":{"allow":["GET"]}}],"collection":[{"href":"https:\/\/www.forumnautico.com\/fr\/wp-json\/wp\/v2\/posts"}],"about":[{"href":"https:\/\/www.forumnautico.com\/fr\/wp-json\/wp\/v2\/types\/post"}],"author":[{"embeddable":true,"href":"https:\/\/www.forumnautico.com\/fr\/wp-json\/wp\/v2\/users\/2"}],"replies":[{"embeddable":true,"href":"https:\/\/www.forumnautico.com\/fr\/wp-json\/wp\/v2\/comments?post=13556"}],"version-history":[{"count":2,"href":"https:\/\/www.forumnautico.com\/fr\/wp-json\/wp\/v2\/posts\/13556\/revisions"}],"predecessor-version":[{"id":13563,"href":"https:\/\/www.forumnautico.com\/fr\/wp-json\/wp\/v2\/posts\/13556\/revisions\/13563"}],"wp:featuredmedia":[{"embeddable":true,"href":"https:\/\/www.forumnautico.com\/fr\/wp-json\/wp\/v2\/media\/13544"}],"wp:attachment":[{"href":"https:\/\/www.forumnautico.com\/fr\/wp-json\/wp\/v2\/media?parent=13556"}],"wp:term":[{"taxonomy":"category","embeddable":true,"href":"https:\/\/www.forumnautico.com\/fr\/wp-json\/wp\/v2\/categories?post=13556"},{"taxonomy":"post_tag","embeddable":true,"href":"https:\/\/www.forumnautico.com\/fr\/wp-json\/wp\/v2\/tags?post=13556"}],"curies":[{"name":"wp","href":"https:\/\/api.w.org\/{rel}","templated":true}]}}