{"id":13596,"date":"2025-11-04T09:51:35","date_gmt":"2025-11-04T08:51:35","guid":{"rendered":"https:\/\/www.forumnautico.com\/2025\/11\/04\/oyster-yachts-renforce-sa-presence-mondiale-avec-linauguration-de-son-nouveau-centre-de-service-a-barcelone\/"},"modified":"2025-11-04T12:30:46","modified_gmt":"2025-11-04T11:30:46","slug":"oyster-yachts-renforce-sa-presence-mondiale-avec-linauguration-de-son-nouveau-centre-de-service-a-barcelone","status":"publish","type":"post","link":"https:\/\/www.forumnautico.com\/fr\/2025\/11\/04\/oyster-yachts-renforce-sa-presence-mondiale-avec-linauguration-de-son-nouveau-centre-de-service-a-barcelone\/","title":{"rendered":"Oyster Yachts renforce sa pr\u00e9sence mondiale avec l\u2019inauguration de son nouveau centre de service \u00e0 Barcelone"},"content":{"rendered":"<p><strong>Barcelone, 31 octobre 2025<\/strong> \u2013 <a href=\"https:\/\/www.oysteryachts.com\" target=\"_blank\" rel=\"noopener\">Oyster Yachts<\/a>, le c\u00e9l\u00e8bre constructeur britannique des plus beaux voiliers de croisi\u00e8re hauturi\u00e8re au monde, a officiellement inaugur\u00e9 son tout nouveau centre de service enti\u00e8rement \u00e9quip\u00e9 \u00e0 Barcelone. Cette \u00e9tape marque une nouvelle avanc\u00e9e dans l\u2019investissement continu de l\u2019entreprise dans son r\u00e9seau mondial de services, renfor\u00e7ant l\u2019exp\u00e9rience de propri\u00e9t\u00e9 pour les propri\u00e9taires de yachts Oyster dans le monde entier.<\/p>\n<h3>Un nouveau centre pour les propri\u00e9taires d\u2019Oyster en M\u00e9diterran\u00e9e<\/h3>\n<p>Barcelone est devenue l\u2019une des destinations hivernales les plus pris\u00e9es de M\u00e9diterran\u00e9e pour les propri\u00e9taires d\u2019Oyster, offrant une alternative attrayante \u00e0 Palma alors que la demande continue de cro\u00eetre dans les Bal\u00e9ares. Le nouveau centre renforce consid\u00e9rablement la pr\u00e9sence d\u2019Oyster dans la r\u00e9gion, proposant des services d\u2019entretien, de r\u00e9vision, d\u2019ing\u00e9nierie et de gardiennage \u00e0 une communaut\u00e9 grandissante de propri\u00e9taires qui amarrent, naviguent ou pr\u00e9parent leurs yachts pour de longues travers\u00e9es comme le prestigieux <em>Oyster World Rally<\/em>.<\/p>\n<figure id=\"attachment_13573\" aria-describedby=\"caption-attachment-13573\" style=\"width: 1620px\" class=\"wp-caption alignnone\"><a href=\"https:\/\/www.forumnautico.com\/wp-content\/uploads\/2025\/11\/251031_tomasmoyaphoto_1186989_7444.jpg\"><img fetchpriority=\"high\" decoding=\"async\" class=\"size-full wp-image-13573\" src=\"https:\/\/www.forumnautico.com\/wp-content\/uploads\/2025\/11\/251031_tomasmoyaphoto_1186989_7444.jpg\" alt=\"\" width=\"1620\" height=\"1080\" srcset=\"https:\/\/www.forumnautico.com\/wp-content\/uploads\/2025\/11\/251031_tomasmoyaphoto_1186989_7444.jpg 1620w, https:\/\/www.forumnautico.com\/wp-content\/uploads\/2025\/11\/251031_tomasmoyaphoto_1186989_7444-300x200.jpg 300w, https:\/\/www.forumnautico.com\/wp-content\/uploads\/2025\/11\/251031_tomasmoyaphoto_1186989_7444-1024x683.jpg 1024w, https:\/\/www.forumnautico.com\/wp-content\/uploads\/2025\/11\/251031_tomasmoyaphoto_1186989_7444-768x512.jpg 768w, https:\/\/www.forumnautico.com\/wp-content\/uploads\/2025\/11\/251031_tomasmoyaphoto_1186989_7444-1536x1024.jpg 1536w\" sizes=\"(max-width: 1620px) 100vw, 1620px\" \/><\/a><figcaption id=\"caption-attachment-13573\" class=\"wp-caption-text\">\u00a9 Tom\u00e0s Moy\u00e0 \/ Photographe<br \/>www.tomasmoyaphoto.com<\/figcaption><\/figure>\n<h3>C\u00e9l\u00e9bration de l\u2019inauguration \u00e0 Premi\u00e0 de Mar<\/h3>\n<p>L\u2019inauguration officielle s\u2019est tenue le vendredi 31 octobre dans le nouvel atelier d\u2019Oyster Barcelone \u00e0 <strong>Premi\u00e0 de Mar<\/strong>. L\u2019\u00e9v\u00e9nement a r\u00e9uni la direction d\u2019Oyster, des capitaines, des fournisseurs et des partenaires cl\u00e9s de l\u2019industrie pour un apr\u00e8s-midi de c\u00e9l\u00e9bration et de collaboration. La communaut\u00e9 nautique locale a chaleureusement accueilli l\u2019arriv\u00e9e d\u2019Oyster, saluant la marque comme un ajout pr\u00e9cieux \u00e0 la dynamique sc\u00e8ne de la voile de Premi\u00e0 de Mar.<\/p>\n<p>Avec plus de 45 yachts Oyster d\u00e9j\u00e0 bas\u00e9s dans la r\u00e9gion \u2014 dont beaucoup sous programmes de gardiennage ou d\u2019hivernage \u2014 cette forte pr\u00e9sence locale souligne l\u2019importance croissante de Barcelone dans le r\u00e9seau mondial d\u2019Oyster et son engagement continu \u00e0 soutenir ses propri\u00e9taires partout o\u00f9 ils naviguent.<\/p>\n<figure id=\"attachment_13577\" aria-describedby=\"caption-attachment-13577\" style=\"width: 1619px\" class=\"wp-caption alignnone\"><a href=\"https:\/\/www.forumnautico.com\/wp-content\/uploads\/2025\/11\/251031_tomasmoyaphoto_1185300_4374.jpg\"><img decoding=\"async\" class=\"size-full wp-image-13577\" src=\"https:\/\/www.forumnautico.com\/wp-content\/uploads\/2025\/11\/251031_tomasmoyaphoto_1185300_4374.jpg\" alt=\"\" width=\"1619\" height=\"1080\" srcset=\"https:\/\/www.forumnautico.com\/wp-content\/uploads\/2025\/11\/251031_tomasmoyaphoto_1185300_4374.jpg 1619w, https:\/\/www.forumnautico.com\/wp-content\/uploads\/2025\/11\/251031_tomasmoyaphoto_1185300_4374-300x200.jpg 300w, https:\/\/www.forumnautico.com\/wp-content\/uploads\/2025\/11\/251031_tomasmoyaphoto_1185300_4374-1024x683.jpg 1024w, https:\/\/www.forumnautico.com\/wp-content\/uploads\/2025\/11\/251031_tomasmoyaphoto_1185300_4374-768x512.jpg 768w, https:\/\/www.forumnautico.com\/wp-content\/uploads\/2025\/11\/251031_tomasmoyaphoto_1185300_4374-1536x1025.jpg 1536w\" sizes=\"(max-width: 1619px) 100vw, 1619px\" \/><\/a><figcaption id=\"caption-attachment-13577\" class=\"wp-caption-text\">\u00a9 Tom\u00e0s Moy\u00e0 \/ Photographe<br \/>www.tomasmoyaphoto.com<\/figcaption><\/figure>\n<h3>Barcelone : la base id\u00e9ale pour les navigateurs hauturiers<\/h3>\n<p>Stefan Zimmermann Zschocke, PDG d\u2019Oyster Yachts, a d\u00e9clar\u00e9 :<\/p>\n<blockquote><p>\u00ab Barcelone est rapidement devenue un centre cl\u00e9 pour les propri\u00e9taires d\u2019Oyster, avec plus de 45 yachts bas\u00e9s ici pendant la saison hivernale. Avec un port bien prot\u00e9g\u00e9, des emplacements exclusifs pour les yachts Oyster et des partenaires techniques de confiance, elle offre la base id\u00e9ale pour la maintenance, le service et la pr\u00e9paration des croisi\u00e8res m\u00e9diterran\u00e9ennes ou des voyages plus longs \u00e0 travers l\u2019Atlantique ou autour du monde. Soutenu par une \u00e9quipe d\u00e9vou\u00e9e de 13 sp\u00e9cialistes Oyster, notre centre de service de Barcelone garantit une exp\u00e9rience de propri\u00e9t\u00e9 v\u00e9ritablement sans effort. \u00bb<\/p><\/blockquote>\n<p><a href=\"https:\/\/www.forumnautico.com\/wp-content\/uploads\/2025\/11\/251031_tomasmoyaphoto_1187650_8105.jpg\"><img decoding=\"async\" class=\"alignnone size-full wp-image-13581\" src=\"https:\/\/www.forumnautico.com\/wp-content\/uploads\/2025\/11\/251031_tomasmoyaphoto_1187650_8105.jpg\" alt=\"Stefan Zimmermann Zschocke\" width=\"1620\" height=\"1080\" srcset=\"https:\/\/www.forumnautico.com\/wp-content\/uploads\/2025\/11\/251031_tomasmoyaphoto_1187650_8105.jpg 1620w, https:\/\/www.forumnautico.com\/wp-content\/uploads\/2025\/11\/251031_tomasmoyaphoto_1187650_8105-300x200.jpg 300w, https:\/\/www.forumnautico.com\/wp-content\/uploads\/2025\/11\/251031_tomasmoyaphoto_1187650_8105-1024x683.jpg 1024w, https:\/\/www.forumnautico.com\/wp-content\/uploads\/2025\/11\/251031_tomasmoyaphoto_1187650_8105-768x512.jpg 768w, https:\/\/www.forumnautico.com\/wp-content\/uploads\/2025\/11\/251031_tomasmoyaphoto_1187650_8105-1536x1024.jpg 1536w\" sizes=\"(max-width: 1620px) 100vw, 1620px\" \/><\/a><\/p>\n<h3>Des services complets adapt\u00e9s \u00e0 chaque propri\u00e9taire<\/h3>\n<p>Le nouveau centre de service de Barcelone vient compl\u00e9ter les hubs Oyster existants \u00e0 Palma, Antigua et Newport (\u00c9tats-Unis), apportant un soutien strat\u00e9gique \u00e0 la flotte Oyster dans le monde entier. Enti\u00e8rement g\u00e9r\u00e9 par les \u00e9quipes techniques internes d\u2019Oyster, le centre propose une gamme compl\u00e8te de services personnalis\u00e9s, notamment :<\/p>\n<ul>\n<li>R\u00e9visions et maintenance r\u00e9alis\u00e9es par les techniciens Oyster<\/li>\n<li>Services d\u2019ing\u00e9nierie et d\u2019\u00e9lectricit\u00e9<\/li>\n<li>Programmes complets de gardiennage<\/li>\n<li>Nettoyage personnalis\u00e9, entretien du teck et soin des annexes<\/li>\n<li>Plans de service sur mesure (niveaux Standard et Premium)<\/li>\n<li>Stockage et maintenance des annexes<\/li>\n<\/ul>\n<p>Ces services haut de gamme sont con\u00e7us pour maintenir chaque yacht Oyster en condition optimale tout au long de l\u2019ann\u00e9e, garantissant des performances, une s\u00e9curit\u00e9 et un confort exceptionnels \u00e0 chaque travers\u00e9e.<\/p>\n<figure id=\"attachment_13585\" aria-describedby=\"caption-attachment-13585\" style=\"width: 1619px\" class=\"wp-caption alignnone\"><a href=\"https:\/\/www.forumnautico.com\/wp-content\/uploads\/2025\/11\/251031_tomasmoyaphoto_1186909_5490.jpg\"><img loading=\"lazy\" decoding=\"async\" class=\"size-full wp-image-13585\" src=\"https:\/\/www.forumnautico.com\/wp-content\/uploads\/2025\/11\/251031_tomasmoyaphoto_1186909_5490.jpg\" alt=\"\" width=\"1619\" height=\"1080\" srcset=\"https:\/\/www.forumnautico.com\/wp-content\/uploads\/2025\/11\/251031_tomasmoyaphoto_1186909_5490.jpg 1619w, https:\/\/www.forumnautico.com\/wp-content\/uploads\/2025\/11\/251031_tomasmoyaphoto_1186909_5490-300x200.jpg 300w, https:\/\/www.forumnautico.com\/wp-content\/uploads\/2025\/11\/251031_tomasmoyaphoto_1186909_5490-1024x683.jpg 1024w, https:\/\/www.forumnautico.com\/wp-content\/uploads\/2025\/11\/251031_tomasmoyaphoto_1186909_5490-768x512.jpg 768w, https:\/\/www.forumnautico.com\/wp-content\/uploads\/2025\/11\/251031_tomasmoyaphoto_1186909_5490-1536x1025.jpg 1536w\" sizes=\"(max-width: 1619px) 100vw, 1619px\" \/><\/a><figcaption id=\"caption-attachment-13585\" class=\"wp-caption-text\">\u00a9 Tom\u00e0s Moy\u00e0 \/ Photographe<br \/>www.tomasmoyaphoto.com<\/figcaption><\/figure>\n<h3>\u00c0 propos d\u2019Oyster Yachts<\/h3>\n<p><strong>Oyster Yachts<\/strong> est un chantier naval britannique r\u00e9put\u00e9 dans le monde entier pour la cr\u00e9ation des plus beaux voiliers de croisi\u00e8re hauturi\u00e8re. Depuis plus de 50 ans, la soci\u00e9t\u00e9 fabrique chaque yacht \u00e0 la main au Royaume-Uni, alliant savoir-faire traditionnel et technologie de production avanc\u00e9e. Chaque Oyster est con\u00e7u pour durer toute une vie, offrant robustesse, performance et \u00e9l\u00e9gance intemporelle.<\/p>\n<p>Avec plus de 20 millions de milles nautiques parcourus et plus de 100 tours du monde accomplis, Oyster Yachts continue d\u2019imposer la r\u00e9f\u00e9rence en mati\u00e8re de croisi\u00e8re hauturi\u00e8re, alliant luxe, s\u00e9curit\u00e9 et style.<\/p>\n<figure id=\"attachment_13589\" aria-describedby=\"caption-attachment-13589\" style=\"width: 1620px\" class=\"wp-caption alignnone\"><a href=\"https:\/\/www.forumnautico.com\/wp-content\/uploads\/2025\/11\/DSC4794-mCFalkyphoto.net-TpSze.jpg\"><img loading=\"lazy\" decoding=\"async\" class=\"size-full wp-image-13589\" src=\"https:\/\/www.forumnautico.com\/wp-content\/uploads\/2025\/11\/DSC4794-mCFalkyphoto.net-TpSze.jpg\" alt=\"Oyster 595\" width=\"1620\" height=\"1080\" srcset=\"https:\/\/www.forumnautico.com\/wp-content\/uploads\/2025\/11\/DSC4794-mCFalkyphoto.net-TpSze.jpg 1620w, https:\/\/www.forumnautico.com\/wp-content\/uploads\/2025\/11\/DSC4794-mCFalkyphoto.net-TpSze-300x200.jpg 300w, https:\/\/www.forumnautico.com\/wp-content\/uploads\/2025\/11\/DSC4794-mCFalkyphoto.net-TpSze-1024x683.jpg 1024w, https:\/\/www.forumnautico.com\/wp-content\/uploads\/2025\/11\/DSC4794-mCFalkyphoto.net-TpSze-768x512.jpg 768w, https:\/\/www.forumnautico.com\/wp-content\/uploads\/2025\/11\/DSC4794-mCFalkyphoto.net-TpSze-1536x1024.jpg 1536w\" sizes=\"(max-width: 1620px) 100vw, 1620px\" \/><\/a><figcaption id=\"caption-attachment-13589\" class=\"wp-caption-text\">\u00a9 Carles Falco \/ Photographe<br \/>www.mcfalkyphoto.net<\/figcaption><\/figure>\n<p><a href=\"https:\/\/www.oysteryachts.com\" target=\"_blank\" rel=\"noopener\"><strong>www.oysteryachts.com<\/strong><\/a><\/p>\n","protected":false},"excerpt":{"rendered":"<p>Barcelone, 31 octobre 2025 \u2013 Oyster Yachts, le c\u00e9l\u00e8bre constructeur britannique des plus beaux voiliers de croisi\u00e8re hauturi\u00e8re au monde, a officiellement inaugur\u00e9 son tout nouveau centre de service enti\u00e8rement \u00e9quip\u00e9 \u00e0 Barcelone. Cette \u00e9tape marque une nouvelle avanc\u00e9e dans l\u2019investissement continu de l\u2019entreprise dans son r\u00e9seau mondial de services, renfor\u00e7ant l\u2019exp\u00e9rience de propri\u00e9t\u00e9 pour [&hellip;]<\/p>\n","protected":false},"author":2,"featured_media":13570,"comment_status":"open","ping_status":"open","sticky":false,"template":"","format":"standard","meta":{"_acf_changed":false,"footnotes":""},"categories":[288,261],"tags":[270,318,268],"class_list":["post-13596","post","type-post","status-publish","format-standard","has-post-thumbnail","hentry","category-actualite-nautique","category-barcosavela-com","tag-barcosavela-com","tag-oyster-yachts-2","tag-yachts-de-luxe"],"acf":{"region":["world"]},"featured_media_src_url":"https:\/\/www.forumnautico.com\/wp-content\/uploads\/2025\/11\/251031_tomasmoyaphoto_1186036_5110-Editar-1024x683.jpg","_links":{"self":[{"href":"https:\/\/www.forumnautico.com\/fr\/wp-json\/wp\/v2\/posts\/13596","targetHints":{"allow":["GET"]}}],"collection":[{"href":"https:\/\/www.forumnautico.com\/fr\/wp-json\/wp\/v2\/posts"}],"about":[{"href":"https:\/\/www.forumnautico.com\/fr\/wp-json\/wp\/v2\/types\/post"}],"author":[{"embeddable":true,"href":"https:\/\/www.forumnautico.com\/fr\/wp-json\/wp\/v2\/users\/2"}],"replies":[{"embeddable":true,"href":"https:\/\/www.forumnautico.com\/fr\/wp-json\/wp\/v2\/comments?post=13596"}],"version-history":[{"count":3,"href":"https:\/\/www.forumnautico.com\/fr\/wp-json\/wp\/v2\/posts\/13596\/revisions"}],"predecessor-version":[{"id":13602,"href":"https:\/\/www.forumnautico.com\/fr\/wp-json\/wp\/v2\/posts\/13596\/revisions\/13602"}],"wp:featuredmedia":[{"embeddable":true,"href":"https:\/\/www.forumnautico.com\/fr\/wp-json\/wp\/v2\/media\/13570"}],"wp:attachment":[{"href":"https:\/\/www.forumnautico.com\/fr\/wp-json\/wp\/v2\/media?parent=13596"}],"wp:term":[{"taxonomy":"category","embeddable":true,"href":"https:\/\/www.forumnautico.com\/fr\/wp-json\/wp\/v2\/categories?post=13596"},{"taxonomy":"post_tag","embeddable":true,"href":"https:\/\/www.forumnautico.com\/fr\/wp-json\/wp\/v2\/tags?post=13596"}],"curies":[{"name":"wp","href":"https:\/\/api.w.org\/{rel}","templated":true}]}}